{"id":1322,"date":"2018-10-16T18:28:25","date_gmt":"2018-10-16T18:28:25","guid":{"rendered":"http:\/\/www.colegiovillanonguen.cl\/?p=1322"},"modified":"2018-10-16T18:28:25","modified_gmt":"2018-10-16T18:28:25","slug":"concurso-un-dia-con-latam","status":"publish","type":"post","link":"https:\/\/www.colegiovillanonguen.cl\/index.php\/2018\/10\/16\/concurso-un-dia-con-latam\/","title":{"rendered":"Concurso Un D\u00eda con LATAM"},"content":{"rendered":"<p style=\"text-align: justify;\"><img loading=\"lazy\" decoding=\"async\" class=\"  wp-image-142 alignleft\" src=\"https:\/\/www.colegiovillanonguen.cl\/wp-content\/uploads\/2015\/06\/favicon.png\" alt=\"favicon\" width=\"44\" height=\"44\" \/>Estimada Comunidad, junto con saludarla tenemos el agrado de comentarles que el Colegio ha sido seleccionado por la empresa LATAM para poder disfrutar de un d\u00eda en sus instalaciones de Santiago. Este premio contempla el viaje en avi\u00f3n desde Concepci\u00f3n a Santiago y su regreso.<\/p>\n<p style=\"text-align: justify;\">Las bases de qui\u00e9nes pueden participar en una preselecci\u00f3n se adjuntan en una presentaci\u00f3n y en la circular que los apoderados deben completar. Ambos documentos los pueden descargar pinchando el siguiente link: <a href=\"https:\/\/drive.google.com\/drive\/folders\/1QoTa8xVmFlYswcZCYNiyJMSLnRF8JMyn?usp=sharing\" target=\"_blank\">LATAM<\/a><\/p>\n","protected":false},"excerpt":{"rendered":"<p>Estimada Comunidad, junto con saludarla tenemos el agrado de comentarles que el Colegio ha sido seleccionado por la empresa LATAM para poder disfrutar de un d\u00eda en sus instalaciones de Santiago. Este premio contempla el viaje en avi\u00f3n desde Concepci\u00f3n a Santiago y su regreso. Las bases de qui\u00e9nes pueden participar en una preselecci\u00f3n se [&hellip;]<\/p>\n","protected":false},"author":1,"featured_media":0,"comment_status":"closed","ping_status":"open","sticky":false,"template":"","format":"standard","meta":{"footnotes":""},"categories":[1],"tags":[],"class_list":["post-1322","post","type-post","status-publish","format-standard","hentry","category-info"],"_links":{"self":[{"href":"https:\/\/www.colegiovillanonguen.cl\/index.php\/wp-json\/wp\/v2\/posts\/1322","targetHints":{"allow":["GET"]}}],"collection":[{"href":"https:\/\/www.colegiovillanonguen.cl\/index.php\/wp-json\/wp\/v2\/posts"}],"about":[{"href":"https:\/\/www.colegiovillanonguen.cl\/index.php\/wp-json\/wp\/v2\/types\/post"}],"author":[{"embeddable":true,"href":"https:\/\/www.colegiovillanonguen.cl\/index.php\/wp-json\/wp\/v2\/users\/1"}],"replies":[{"embeddable":true,"href":"https:\/\/www.colegiovillanonguen.cl\/index.php\/wp-json\/wp\/v2\/comments?post=1322"}],"version-history":[{"count":1,"href":"https:\/\/www.colegiovillanonguen.cl\/index.php\/wp-json\/wp\/v2\/posts\/1322\/revisions"}],"predecessor-version":[{"id":1323,"href":"https:\/\/www.colegiovillanonguen.cl\/index.php\/wp-json\/wp\/v2\/posts\/1322\/revisions\/1323"}],"wp:attachment":[{"href":"https:\/\/www.colegiovillanonguen.cl\/index.php\/wp-json\/wp\/v2\/media?parent=1322"}],"wp:term":[{"taxonomy":"category","embeddable":true,"href":"https:\/\/www.colegiovillanonguen.cl\/index.php\/wp-json\/wp\/v2\/categories?post=1322"},{"taxonomy":"post_tag","embeddable":true,"href":"https:\/\/www.colegiovillanonguen.cl\/index.php\/wp-json\/wp\/v2\/tags?post=1322"}],"curies":[{"name":"wp","href":"https:\/\/api.w.org\/{rel}","templated":true}]}}