{"id":1292,"date":"2018-09-03T11:46:19","date_gmt":"2018-09-03T11:46:19","guid":{"rendered":"http:\/\/www.colegiovillanonguen.cl\/?p=1292"},"modified":"2018-09-03T11:50:17","modified_gmt":"2018-09-03T11:50:17","slug":"charla-carabineros-bullying","status":"publish","type":"post","link":"https:\/\/www.colegiovillanonguen.cl\/index.php\/2018\/09\/03\/charla-carabineros-bullying\/","title":{"rendered":"Charla Carabineros: Bullying"},"content":{"rendered":"<p>Es<img loading=\"lazy\" decoding=\"async\" class=\"  wp-image-142 alignleft\" src=\"https:\/\/www.colegiovillanonguen.cl\/wp-content\/uploads\/2015\/06\/favicon.png\" alt=\"favicon\" width=\"42\" height=\"42\" \/>timada Comunidad, junto con saludarla, les informamos que desde la semana pasada se est\u00e1n realizando charlas informativas sobre\u00a0Bullying a cargo de Carabineros de Chile en conjunto con nuestro equipo de Convivencia Escolar.<\/p>\n<p>Ya se realiz\u00f3 la charla del 7\u00b0 a\u00f1o B\u00e1sico, y las pr\u00f3ximas ser\u00e1n el jueves 27 de septiembre,\u00a06\u00b0 a\u00f1o B\u00e1sico, y el jueves 04 de octubre, para el\u00a08\u00b0 a\u00f1o B\u00e1sico.<\/p>\n<p>Para ver una galer\u00eda de fotograf\u00edas de las Charlas,pinche el siguiente link:\u00a0<a href=\"https:\/\/photos.app.goo.gl\/RJM6GViKgccKRsfR9\" target=\"_blank\">Bullying<\/a><\/p>\n<p>&nbsp;<\/p>\n","protected":false},"excerpt":{"rendered":"<p>Estimada Comunidad, junto con saludarla, les informamos que desde la semana pasada se est\u00e1n realizando charlas informativas sobre\u00a0Bullying a cargo de Carabineros de Chile en conjunto con nuestro equipo de Convivencia Escolar. Ya se realiz\u00f3 la charla del 7\u00b0 a\u00f1o B\u00e1sico, y las pr\u00f3ximas ser\u00e1n el jueves 27 de septiembre,\u00a06\u00b0 a\u00f1o B\u00e1sico, y el jueves [&hellip;]<\/p>\n","protected":false},"author":1,"featured_media":0,"comment_status":"closed","ping_status":"open","sticky":false,"template":"","format":"standard","meta":{"footnotes":""},"categories":[1],"tags":[],"class_list":["post-1292","post","type-post","status-publish","format-standard","hentry","category-info"],"_links":{"self":[{"href":"https:\/\/www.colegiovillanonguen.cl\/index.php\/wp-json\/wp\/v2\/posts\/1292","targetHints":{"allow":["GET"]}}],"collection":[{"href":"https:\/\/www.colegiovillanonguen.cl\/index.php\/wp-json\/wp\/v2\/posts"}],"about":[{"href":"https:\/\/www.colegiovillanonguen.cl\/index.php\/wp-json\/wp\/v2\/types\/post"}],"author":[{"embeddable":true,"href":"https:\/\/www.colegiovillanonguen.cl\/index.php\/wp-json\/wp\/v2\/users\/1"}],"replies":[{"embeddable":true,"href":"https:\/\/www.colegiovillanonguen.cl\/index.php\/wp-json\/wp\/v2\/comments?post=1292"}],"version-history":[{"count":2,"href":"https:\/\/www.colegiovillanonguen.cl\/index.php\/wp-json\/wp\/v2\/posts\/1292\/revisions"}],"predecessor-version":[{"id":1295,"href":"https:\/\/www.colegiovillanonguen.cl\/index.php\/wp-json\/wp\/v2\/posts\/1292\/revisions\/1295"}],"wp:attachment":[{"href":"https:\/\/www.colegiovillanonguen.cl\/index.php\/wp-json\/wp\/v2\/media?parent=1292"}],"wp:term":[{"taxonomy":"category","embeddable":true,"href":"https:\/\/www.colegiovillanonguen.cl\/index.php\/wp-json\/wp\/v2\/categories?post=1292"},{"taxonomy":"post_tag","embeddable":true,"href":"https:\/\/www.colegiovillanonguen.cl\/index.php\/wp-json\/wp\/v2\/tags?post=1292"}],"curies":[{"name":"wp","href":"https:\/\/api.w.org\/{rel}","templated":true}]}}