{"id":1223,"date":"2018-06-08T15:41:25","date_gmt":"2018-06-08T15:41:25","guid":{"rendered":"http:\/\/www.colegiovillanonguen.cl\/?p=1223"},"modified":"2018-06-08T15:41:32","modified_gmt":"2018-06-08T15:41:32","slug":"orquesta-en-la-biblioteca-viva","status":"publish","type":"post","link":"https:\/\/www.colegiovillanonguen.cl\/index.php\/2018\/06\/08\/orquesta-en-la-biblioteca-viva\/","title":{"rendered":"Orquesta en la Biblioteca Viva"},"content":{"rendered":"<p><a href=\"https:\/\/www.colegiovillanonguen.cl\/wp-content\/uploads\/2015\/06\/favicon.png\"><img loading=\"lazy\" decoding=\"async\" class=\"  wp-image-142 alignleft\" src=\"https:\/\/www.colegiovillanonguen.cl\/wp-content\/uploads\/2015\/06\/favicon.png\" alt=\"favicon\" width=\"42\" height=\"42\" \/><\/a>Estimada Comunidad, con orgullo compartimos con Ustedes la participaci\u00f3n de nuestra Orquesta de Cuerdas en la Biblioteca Viva del Mall Plaza del Tr\u00e9bol.<\/p>\n<p>Para ver la galer\u00eda fotogr\u00e1fica, pinche el siguiente link: <a href=\"https:\/\/photos.app.goo.gl\/xEfpqv5viEgfwKB83\" target=\"_blank\">Orquesta<\/a><\/p>\n","protected":false},"excerpt":{"rendered":"<p>Estimada Comunidad, con orgullo compartimos con Ustedes la participaci\u00f3n de nuestra Orquesta de Cuerdas en la Biblioteca Viva del Mall Plaza del Tr\u00e9bol. Para ver la galer\u00eda fotogr\u00e1fica, pinche el siguiente link: Orquesta<\/p>\n","protected":false},"author":1,"featured_media":0,"comment_status":"closed","ping_status":"open","sticky":false,"template":"","format":"standard","meta":{"footnotes":""},"categories":[1],"tags":[],"class_list":["post-1223","post","type-post","status-publish","format-standard","hentry","category-info"],"_links":{"self":[{"href":"https:\/\/www.colegiovillanonguen.cl\/index.php\/wp-json\/wp\/v2\/posts\/1223","targetHints":{"allow":["GET"]}}],"collection":[{"href":"https:\/\/www.colegiovillanonguen.cl\/index.php\/wp-json\/wp\/v2\/posts"}],"about":[{"href":"https:\/\/www.colegiovillanonguen.cl\/index.php\/wp-json\/wp\/v2\/types\/post"}],"author":[{"embeddable":true,"href":"https:\/\/www.colegiovillanonguen.cl\/index.php\/wp-json\/wp\/v2\/users\/1"}],"replies":[{"embeddable":true,"href":"https:\/\/www.colegiovillanonguen.cl\/index.php\/wp-json\/wp\/v2\/comments?post=1223"}],"version-history":[{"count":1,"href":"https:\/\/www.colegiovillanonguen.cl\/index.php\/wp-json\/wp\/v2\/posts\/1223\/revisions"}],"predecessor-version":[{"id":1224,"href":"https:\/\/www.colegiovillanonguen.cl\/index.php\/wp-json\/wp\/v2\/posts\/1223\/revisions\/1224"}],"wp:attachment":[{"href":"https:\/\/www.colegiovillanonguen.cl\/index.php\/wp-json\/wp\/v2\/media?parent=1223"}],"wp:term":[{"taxonomy":"category","embeddable":true,"href":"https:\/\/www.colegiovillanonguen.cl\/index.php\/wp-json\/wp\/v2\/categories?post=1223"},{"taxonomy":"post_tag","embeddable":true,"href":"https:\/\/www.colegiovillanonguen.cl\/index.php\/wp-json\/wp\/v2\/tags?post=1223"}],"curies":[{"name":"wp","href":"https:\/\/api.w.org\/{rel}","templated":true}]}}