{"id":1220,"date":"2018-06-08T12:44:10","date_gmt":"2018-06-08T12:44:10","guid":{"rendered":"http:\/\/www.colegiovillanonguen.cl\/?p=1220"},"modified":"2018-06-08T12:44:10","modified_gmt":"2018-06-08T12:44:10","slug":"encuentro-de-lideres-juveniles","status":"publish","type":"post","link":"https:\/\/www.colegiovillanonguen.cl\/index.php\/2018\/06\/08\/encuentro-de-lideres-juveniles\/","title":{"rendered":"Encuentro de L\u00edderes Juveniles"},"content":{"rendered":"<p style=\"text-align: justify;\"><a href=\"https:\/\/www.colegiovillanonguen.cl\/wp-content\/uploads\/2015\/06\/favicon.png\"><img loading=\"lazy\" decoding=\"async\" class=\"  wp-image-142 alignleft\" src=\"https:\/\/www.colegiovillanonguen.cl\/wp-content\/uploads\/2015\/06\/favicon.png\" alt=\"favicon\" width=\"42\" height=\"42\" \/><\/a>Una activa participaci\u00f3n tuvo la ex-directiva del Gobierno Escolar y estudiantes de\u00a0 Primero Medio de nuestro establecimiento en el \u00abEncuentro de L\u00edderes Juveniles\u00bb organizada por ONG Contracooltura , y la Secretar\u00eda Ministerial de Educaci\u00f3n Regi\u00f3n del Biob\u00edo a realizarse el d\u00eda viernes 01 de junio en el Auditorio de la Facultad de Ingenier\u00eda de la Universidad de Concepci\u00f3n.<\/p>\n<div>\n<div style=\"text-align: justify;\">El objetivo de esta actividad tuvo relaci\u00f3n con brindar capacitaci\u00f3n y motivaci\u00f3n a estudiantes l\u00edderes de octavo b\u00e1sico a cuarto de ense\u00f1anza media para que sean agentes de cambio en sus comunidades educativas<\/div>\n<\/div>\n","protected":false},"excerpt":{"rendered":"<p>Una activa participaci\u00f3n tuvo la ex-directiva del Gobierno Escolar y estudiantes de\u00a0 Primero Medio de nuestro establecimiento en el \u00abEncuentro de L\u00edderes Juveniles\u00bb organizada por ONG Contracooltura , y la Secretar\u00eda Ministerial de Educaci\u00f3n Regi\u00f3n del Biob\u00edo a realizarse el d\u00eda viernes 01 de junio en el Auditorio de la Facultad de Ingenier\u00eda de la [&hellip;]<\/p>\n","protected":false},"author":1,"featured_media":0,"comment_status":"closed","ping_status":"open","sticky":false,"template":"","format":"standard","meta":{"footnotes":""},"categories":[1],"tags":[],"class_list":["post-1220","post","type-post","status-publish","format-standard","hentry","category-info"],"_links":{"self":[{"href":"https:\/\/www.colegiovillanonguen.cl\/index.php\/wp-json\/wp\/v2\/posts\/1220","targetHints":{"allow":["GET"]}}],"collection":[{"href":"https:\/\/www.colegiovillanonguen.cl\/index.php\/wp-json\/wp\/v2\/posts"}],"about":[{"href":"https:\/\/www.colegiovillanonguen.cl\/index.php\/wp-json\/wp\/v2\/types\/post"}],"author":[{"embeddable":true,"href":"https:\/\/www.colegiovillanonguen.cl\/index.php\/wp-json\/wp\/v2\/users\/1"}],"replies":[{"embeddable":true,"href":"https:\/\/www.colegiovillanonguen.cl\/index.php\/wp-json\/wp\/v2\/comments?post=1220"}],"version-history":[{"count":1,"href":"https:\/\/www.colegiovillanonguen.cl\/index.php\/wp-json\/wp\/v2\/posts\/1220\/revisions"}],"predecessor-version":[{"id":1221,"href":"https:\/\/www.colegiovillanonguen.cl\/index.php\/wp-json\/wp\/v2\/posts\/1220\/revisions\/1221"}],"wp:attachment":[{"href":"https:\/\/www.colegiovillanonguen.cl\/index.php\/wp-json\/wp\/v2\/media?parent=1220"}],"wp:term":[{"taxonomy":"category","embeddable":true,"href":"https:\/\/www.colegiovillanonguen.cl\/index.php\/wp-json\/wp\/v2\/categories?post=1220"},{"taxonomy":"post_tag","embeddable":true,"href":"https:\/\/www.colegiovillanonguen.cl\/index.php\/wp-json\/wp\/v2\/tags?post=1220"}],"curies":[{"name":"wp","href":"https:\/\/api.w.org\/{rel}","templated":true}]}}