{"id":1099,"date":"2017-11-06T13:20:37","date_gmt":"2017-11-06T13:20:37","guid":{"rendered":"http:\/\/www.colegiovillanonguen.cl\/?p=1099"},"modified":"2017-11-16T18:53:19","modified_gmt":"2017-11-16T18:53:19","slug":"jornada-de-perfeccionamiento-dua","status":"publish","type":"post","link":"https:\/\/www.colegiovillanonguen.cl\/index.php\/2017\/11\/06\/jornada-de-perfeccionamiento-dua\/","title":{"rendered":"Jornada de Perfeccionamiento DUA"},"content":{"rendered":"<p><img loading=\"lazy\" decoding=\"async\" class=\"  wp-image-207 alignleft\" src=\"https:\/\/www.colegiovillanonguen.cl\/wp-content\/uploads\/2015\/08\/favicon.png\" alt=\"favicon\" width=\"41\" height=\"41\" \/>Estimada Comunidad, junto con saludarla, quisi\u00e9ramos compartir con Ustedes, un registro fotogr\u00e1fico de la primera y segunda jornada de perfeccionamiento docente,<b>\u00a0\u00ab<\/b><b><i>Dise\u00f1o Universal del Aprendizaje: una propuesta inclusiva en el aula desde la mirada del Decreto 83&#8243;,\u00a0<\/i><\/b><i><\/i>que se enmarca en la constante mejora de nuestras pr\u00e1cticas docentes, impulsada desde la Fundaci\u00f3n Familia Cruz Magnani y la Direcci\u00f3n del Colegio.<i><\/i><\/p>\n<p>Para ver el registro pinche aqu\u00ed: <a href=\"https:\/\/photos.app.goo.gl\/KGhqjNo5SevslMc23\" target=\"_blank\">DUA<\/a><\/p>\n","protected":false},"excerpt":{"rendered":"<p>Estimada Comunidad, junto con saludarla, quisi\u00e9ramos compartir con Ustedes, un registro fotogr\u00e1fico de la primera y segunda jornada de perfeccionamiento docente,\u00a0\u00abDise\u00f1o Universal del Aprendizaje: una propuesta inclusiva en el aula desde la mirada del Decreto 83&#8243;,\u00a0que se enmarca en la constante mejora de nuestras pr\u00e1cticas docentes, impulsada desde la Fundaci\u00f3n Familia Cruz Magnani y la [&hellip;]<\/p>\n","protected":false},"author":1,"featured_media":0,"comment_status":"closed","ping_status":"open","sticky":false,"template":"","format":"standard","meta":{"footnotes":""},"categories":[1],"tags":[],"class_list":["post-1099","post","type-post","status-publish","format-standard","hentry","category-info"],"_links":{"self":[{"href":"https:\/\/www.colegiovillanonguen.cl\/index.php\/wp-json\/wp\/v2\/posts\/1099","targetHints":{"allow":["GET"]}}],"collection":[{"href":"https:\/\/www.colegiovillanonguen.cl\/index.php\/wp-json\/wp\/v2\/posts"}],"about":[{"href":"https:\/\/www.colegiovillanonguen.cl\/index.php\/wp-json\/wp\/v2\/types\/post"}],"author":[{"embeddable":true,"href":"https:\/\/www.colegiovillanonguen.cl\/index.php\/wp-json\/wp\/v2\/users\/1"}],"replies":[{"embeddable":true,"href":"https:\/\/www.colegiovillanonguen.cl\/index.php\/wp-json\/wp\/v2\/comments?post=1099"}],"version-history":[{"count":4,"href":"https:\/\/www.colegiovillanonguen.cl\/index.php\/wp-json\/wp\/v2\/posts\/1099\/revisions"}],"predecessor-version":[{"id":1122,"href":"https:\/\/www.colegiovillanonguen.cl\/index.php\/wp-json\/wp\/v2\/posts\/1099\/revisions\/1122"}],"wp:attachment":[{"href":"https:\/\/www.colegiovillanonguen.cl\/index.php\/wp-json\/wp\/v2\/media?parent=1099"}],"wp:term":[{"taxonomy":"category","embeddable":true,"href":"https:\/\/www.colegiovillanonguen.cl\/index.php\/wp-json\/wp\/v2\/categories?post=1099"},{"taxonomy":"post_tag","embeddable":true,"href":"https:\/\/www.colegiovillanonguen.cl\/index.php\/wp-json\/wp\/v2\/tags?post=1099"}],"curies":[{"name":"wp","href":"https:\/\/api.w.org\/{rel}","templated":true}]}}