{"id":1093,"date":"2017-11-02T18:42:44","date_gmt":"2017-11-02T18:42:44","guid":{"rendered":"http:\/\/www.colegiovillanonguen.cl\/?p=1093"},"modified":"2017-11-02T18:42:44","modified_gmt":"2017-11-02T18:42:44","slug":"calendarios-de-evaluaciones-mes-de-noviembre","status":"publish","type":"post","link":"https:\/\/www.colegiovillanonguen.cl\/index.php\/2017\/11\/02\/calendarios-de-evaluaciones-mes-de-noviembre\/","title":{"rendered":"Calendarios de evaluaciones mes de noviembre"},"content":{"rendered":"<p><img loading=\"lazy\" decoding=\"async\" class=\"  wp-image-142 alignleft\" src=\"https:\/\/www.colegiovillanonguen.cl\/wp-content\/uploads\/2015\/06\/favicon.png\" alt=\"favicon\" width=\"42\" height=\"42\" \/>Estimada Comunidad, junto con saludarla, dejamos a su disposici\u00f3n los calendarios de evaluaciones del mes de noviembre.<br \/>\nHacemos hincapi\u00e9 que este es el \u00faltimo periodo de calificaciones y debemos contar con el apoyo de la familia para el \u00e9xito acad\u00e9mico de nuestros estudiantes.<br \/>\nPara acceder a los calendarios, debe pinchar el curso respectivo.<br \/>\n<a href=\"https:\/\/drive.google.com\/open?id=0ByVa4lktMzCtYzhEVG5vYkh4OTA\" target=\"_blank\">Primer a\u00f1o B\u00e1sico<\/a><br \/>\n<a href=\"https:\/\/drive.google.com\/open?id=0ByVa4lktMzCtRDg5cU45aS13TjA\" target=\"_blank\">Segundo a\u00f1o B\u00e1sico<\/a><br \/>\n<a href=\"https:\/\/drive.google.com\/open?id=0ByVa4lktMzCtVkZyYXJKNG1CLW8\" target=\"_blank\">Tercer a\u00f1o B\u00e1sico<\/a><br \/>\n<a href=\"https:\/\/drive.google.com\/open?id=0ByVa4lktMzCtUzJNZFdrSTVuS28\" target=\"_blank\">Cuarto a\u00f1o B\u00e1sico<\/a><br \/>\n<a href=\"https:\/\/drive.google.com\/open?id=0ByVa4lktMzCtSlNCbGJlMHBzUXM\" target=\"_blank\">Quinto a\u00f1o B\u00e1sico<\/a><br \/>\n<a href=\"https:\/\/drive.google.com\/open?id=0ByVa4lktMzCtc3VMNHN4WGlwbkE\" target=\"_blank\">Sexto a\u00f1o B\u00e1sico<\/a><br \/>\n<a href=\"https:\/\/drive.google.com\/open?id=0ByVa4lktMzCtSHBvc3FjMERsSUE\" target=\"_blank\">S\u00e9ptimo a\u00f1o B\u00e1sico<\/a><br \/>\n<a href=\"https:\/\/drive.google.com\/open?id=0ByVa4lktMzCtYXkxclhtTXRkNUk\" target=\"_blank\">Octavo a\u00f1o B\u00e1sico<\/a><\/p>\n","protected":false},"excerpt":{"rendered":"<p>Estimada Comunidad, junto con saludarla, dejamos a su disposici\u00f3n los calendarios de evaluaciones del mes de noviembre. Hacemos hincapi\u00e9 que este es el \u00faltimo periodo de calificaciones y debemos contar con el apoyo de la familia para el \u00e9xito acad\u00e9mico de nuestros estudiantes. Para acceder a los calendarios, debe pinchar el curso respectivo. Primer a\u00f1o [&hellip;]<\/p>\n","protected":false},"author":1,"featured_media":0,"comment_status":"closed","ping_status":"open","sticky":false,"template":"","format":"standard","meta":{"footnotes":""},"categories":[1],"tags":[],"class_list":["post-1093","post","type-post","status-publish","format-standard","hentry","category-info"],"_links":{"self":[{"href":"https:\/\/www.colegiovillanonguen.cl\/index.php\/wp-json\/wp\/v2\/posts\/1093","targetHints":{"allow":["GET"]}}],"collection":[{"href":"https:\/\/www.colegiovillanonguen.cl\/index.php\/wp-json\/wp\/v2\/posts"}],"about":[{"href":"https:\/\/www.colegiovillanonguen.cl\/index.php\/wp-json\/wp\/v2\/types\/post"}],"author":[{"embeddable":true,"href":"https:\/\/www.colegiovillanonguen.cl\/index.php\/wp-json\/wp\/v2\/users\/1"}],"replies":[{"embeddable":true,"href":"https:\/\/www.colegiovillanonguen.cl\/index.php\/wp-json\/wp\/v2\/comments?post=1093"}],"version-history":[{"count":1,"href":"https:\/\/www.colegiovillanonguen.cl\/index.php\/wp-json\/wp\/v2\/posts\/1093\/revisions"}],"predecessor-version":[{"id":1094,"href":"https:\/\/www.colegiovillanonguen.cl\/index.php\/wp-json\/wp\/v2\/posts\/1093\/revisions\/1094"}],"wp:attachment":[{"href":"https:\/\/www.colegiovillanonguen.cl\/index.php\/wp-json\/wp\/v2\/media?parent=1093"}],"wp:term":[{"taxonomy":"category","embeddable":true,"href":"https:\/\/www.colegiovillanonguen.cl\/index.php\/wp-json\/wp\/v2\/categories?post=1093"},{"taxonomy":"post_tag","embeddable":true,"href":"https:\/\/www.colegiovillanonguen.cl\/index.php\/wp-json\/wp\/v2\/tags?post=1093"}],"curies":[{"name":"wp","href":"https:\/\/api.w.org\/{rel}","templated":true}]}}