{"id":1055,"date":"2017-09-01T12:18:39","date_gmt":"2017-09-01T12:18:39","guid":{"rendered":"http:\/\/www.colegiovillanonguen.cl\/?p=1055"},"modified":"2017-09-01T12:18:39","modified_gmt":"2017-09-01T12:18:39","slug":"estacion-de-monitoreo-calidad-del-aire","status":"publish","type":"post","link":"https:\/\/www.colegiovillanonguen.cl\/index.php\/2017\/09\/01\/estacion-de-monitoreo-calidad-del-aire\/","title":{"rendered":"Estaci\u00f3n de monitoreo Calidad del Aire"},"content":{"rendered":"<p style=\"text-align: justify;\"><a href=\"https:\/\/www.colegiovillanonguen.cl\/wp-content\/uploads\/2015\/08\/favicon.png\"><img loading=\"lazy\" decoding=\"async\" class=\"  wp-image-207 alignleft\" src=\"https:\/\/www.colegiovillanonguen.cl\/wp-content\/uploads\/2015\/08\/favicon.png\" alt=\"favicon\" width=\"44\" height=\"44\" \/><\/a>Estimada Comunidad, nos es muy grato informarles que desde el inicio de este a\u00f1o somos parte de una Red de Monitoreo de la Calidad del Aire a trav\u00e9s de un convenio firmado con la Universidad de Concepci\u00f3n, espec\u00edficamente con el Centro de \u00d3ptica y Fot\u00f3nica de la Facultad de Ciencias F\u00edsicas y Matem\u00e1ticas.<\/p>\n<p style=\"text-align: justify;\">Los datos de la estaci\u00f3n ser\u00e1n utilizados por un grupo de cient\u00edficos de la Universidad y pronto desarrollaremos un trabajo con nuestros estudiantes.<\/p>\n<p style=\"text-align: justify;\">Docentes de nuestro Colegio ya han asistido a jornadas a la Universidad para comprender el funcionamiento de la estaci\u00f3n y el c\u00f3mo poder utilizarla pedag\u00f3gicamente.<\/p>\n<p style=\"text-align: justify;\">Los invitamos a leer una noticia publicada hoy en el Diario El Sur de Concepci\u00f3n donde se destaca nuestra participaci\u00f3n. Para acceder pinche en el siguiente link:<\/p>\n<p style=\"text-align: justify;\"><a href=\"http:\/\/www.elsur.cl\/impresa\/2017\/09\/01\/full\/cuerpo-principal\/6\/\">http:\/\/www.elsur.cl\/impresa\/2017\/09\/01\/full\/cuerpo-principal\/6\/<\/a><\/p>\n<p style=\"text-align: justify;\">Atentamente,<\/p>\n<p style=\"text-align: center;\">Direcci\u00f3n<\/p>\n","protected":false},"excerpt":{"rendered":"<p>Estimada Comunidad, nos es muy grato informarles que desde el inicio de este a\u00f1o somos parte de una Red de Monitoreo de la Calidad del Aire a trav\u00e9s de un convenio firmado con la Universidad de Concepci\u00f3n, espec\u00edficamente con el Centro de \u00d3ptica y Fot\u00f3nica de la Facultad de Ciencias F\u00edsicas y Matem\u00e1ticas. Los datos [&hellip;]<\/p>\n","protected":false},"author":1,"featured_media":0,"comment_status":"closed","ping_status":"open","sticky":false,"template":"","format":"standard","meta":{"footnotes":""},"categories":[1],"tags":[],"class_list":["post-1055","post","type-post","status-publish","format-standard","hentry","category-info"],"_links":{"self":[{"href":"https:\/\/www.colegiovillanonguen.cl\/index.php\/wp-json\/wp\/v2\/posts\/1055","targetHints":{"allow":["GET"]}}],"collection":[{"href":"https:\/\/www.colegiovillanonguen.cl\/index.php\/wp-json\/wp\/v2\/posts"}],"about":[{"href":"https:\/\/www.colegiovillanonguen.cl\/index.php\/wp-json\/wp\/v2\/types\/post"}],"author":[{"embeddable":true,"href":"https:\/\/www.colegiovillanonguen.cl\/index.php\/wp-json\/wp\/v2\/users\/1"}],"replies":[{"embeddable":true,"href":"https:\/\/www.colegiovillanonguen.cl\/index.php\/wp-json\/wp\/v2\/comments?post=1055"}],"version-history":[{"count":1,"href":"https:\/\/www.colegiovillanonguen.cl\/index.php\/wp-json\/wp\/v2\/posts\/1055\/revisions"}],"predecessor-version":[{"id":1056,"href":"https:\/\/www.colegiovillanonguen.cl\/index.php\/wp-json\/wp\/v2\/posts\/1055\/revisions\/1056"}],"wp:attachment":[{"href":"https:\/\/www.colegiovillanonguen.cl\/index.php\/wp-json\/wp\/v2\/media?parent=1055"}],"wp:term":[{"taxonomy":"category","embeddable":true,"href":"https:\/\/www.colegiovillanonguen.cl\/index.php\/wp-json\/wp\/v2\/categories?post=1055"},{"taxonomy":"post_tag","embeddable":true,"href":"https:\/\/www.colegiovillanonguen.cl\/index.php\/wp-json\/wp\/v2\/tags?post=1055"}],"curies":[{"name":"wp","href":"https:\/\/api.w.org\/{rel}","templated":true}]}}